{"id":8337,"date":"2020-05-16T00:01:47","date_gmt":"2020-05-16T10:01:47","guid":{"rendered":"http:\/\/collegedemahina.pf\/?p=8337"},"modified":"2020-05-21T11:27:45","modified_gmt":"2020-05-21T21:27:45","slug":"arts-plastiques-phase-7-cest-ici","status":"publish","type":"post","link":"https:\/\/collegedemahina.pf\/2020\/05\/arts-plastiques-phase-7-cest-ici\/","title":{"rendered":"Arts Plastiques. Phase 7 c&rsquo;est ici&#8230;"},"content":{"rendered":"\n<!--more-->\n\n\n\n<p>Bonjour,<\/p>\n\n\n\n<p>Ci-dessous vous avez le travail par phase en Arts Plastiques.<\/p>\n\n\n\n<figure class=\"wp-block-table is-style-stripes\"><table class=\"has-subtle-pale-green-background-color has-fixed-layout has-background\"><thead><tr><th class=\"has-text-align-center\" data-align=\"center\"><span class=\"has-inline-color has-vivid-cyan-blue-color\">Phase 7<br>Du lun 18\/05 <br>au dim 24\/05<\/span><\/th><\/tr><\/thead><tbody><tr><td class=\"has-text-align-center\" data-align=\"center\"><a href=\"https:\/\/collegedemahina.pf\/wp-content\/uploads\/2020\/05\/ARTP-6_PH7.pdf\" target=\"_blank\" rel=\"noreferrer noopener\">6\u00b0 Phase 7<\/a><\/td><\/tr><tr><td class=\"has-text-align-center\" data-align=\"center\"><a href=\"https:\/\/collegedemahina.pf\/wp-content\/uploads\/2020\/05\/ARTP-5_PH7.pdf\" target=\"_blank\" rel=\"noreferrer noopener\">5\u00b0 Phase 7<\/a><\/td><\/tr><tr><td class=\"has-text-align-center\" data-align=\"center\"><a href=\"https:\/\/collegedemahina.pf\/wp-content\/uploads\/2020\/05\/ARTP-4_PH7.pdf\" target=\"_blank\" rel=\"noreferrer noopener\">4\u00b0 Phase 7<\/a><\/td><\/tr><tr><td class=\"has-text-align-center\" data-align=\"center\"><a href=\"https:\/\/collegedemahina.pf\/wp-content\/uploads\/2020\/05\/ARTP-3_PH7.pdf\" target=\"_blank\" rel=\"noreferrer noopener\">3\u00b0 Phase 7<\/a><\/td><\/tr><\/tbody><\/table><\/figure>\n\n\n\n<figure class=\"wp-block-table is-style-stripes\"><table class=\"has-subtle-pale-green-background-color has-fixed-layout has-background\"><thead><tr><th class=\"has-text-align-center\" data-align=\"center\"><span class=\"has-inline-color has-very-dark-gray-color\"><strong>Phase 4<br>Du jeu 23\/04 <br>au mer 29\/04<\/strong><\/span><\/th><th class=\"has-text-align-center\" data-align=\"center\"><span class=\"has-inline-color has-very-dark-gray-color\">Phase 5<br>Du lun 04\/05<br>au dim 10\/05<\/span><\/th><th class=\"has-text-align-center\" data-align=\"center\"><span class=\"has-inline-color has-very-dark-gray-color\">Phase 6<br>Du lun 11\/05 <br>au dim 17\/05<\/span><\/th><\/tr><\/thead><tbody><tr><td class=\"has-text-align-center\" data-align=\"center\"><a href=\"https:\/\/collegedemahina.pf\/wp-content\/uploads\/2020\/04\/ARTP-6_PH4.pdf\" target=\"_blank\" rel=\"noreferrer noopener\">6\u00b0 Phase 4<\/a><\/td><td class=\"has-text-align-center\" data-align=\"center\"><a href=\"https:\/\/collegedemahina.pf\/wp-content\/uploads\/2020\/05\/ARTP-6_PH5.pdf\" target=\"_blank\" rel=\"noreferrer noopener\">6\u00b0 Phase 5<\/a><\/td><td class=\"has-text-align-center\" data-align=\"center\"><a href=\"https:\/\/collegedemahina.pf\/wp-content\/uploads\/2020\/05\/ARTP-6_PH6.pdf\" target=\"_blank\" rel=\"noreferrer noopener\">6\u00b0 Phase 6<\/a><\/td><\/tr><tr><td class=\"has-text-align-center\" data-align=\"center\"><a href=\"https:\/\/collegedemahina.pf\/wp-content\/uploads\/2020\/04\/ARTP-5_PH4.pdf\" target=\"_blank\" rel=\"noreferrer noopener\">5\u00b0 Phase 4<\/a><\/td><td class=\"has-text-align-center\" data-align=\"center\"><a href=\"https:\/\/collegedemahina.pf\/wp-content\/uploads\/2020\/05\/ARTP-5_PH5.pdf\" target=\"_blank\" rel=\"noreferrer noopener\">5\u00b0 Phase 5<\/a><\/td><td class=\"has-text-align-center\" data-align=\"center\"><a href=\"https:\/\/collegedemahina.pf\/wp-content\/uploads\/2020\/05\/ARTP-5_PH6.pdf\" target=\"_blank\" rel=\"noreferrer noopener\">5\u00b0 Phase 6<\/a><\/td><\/tr><tr><td class=\"has-text-align-center\" data-align=\"center\"><a href=\"https:\/\/collegedemahina.pf\/wp-content\/uploads\/2020\/04\/ARTP-4_PH4.pdf\" target=\"_blank\" rel=\"noreferrer noopener\">4\u00b0 Phase 4<\/a><\/td><td class=\"has-text-align-center\" data-align=\"center\"><a href=\"https:\/\/collegedemahina.pf\/wp-content\/uploads\/2020\/05\/ARTP-4_PH5.pdf\" target=\"_blank\" rel=\"noreferrer noopener\">4\u00b0 Phase 5<\/a><\/td><td class=\"has-text-align-center\" data-align=\"center\"><a href=\"https:\/\/collegedemahina.pf\/wp-content\/uploads\/2020\/05\/ARTP-4_PH6.pdf\" target=\"_blank\" rel=\"noreferrer noopener\">4\u00b0 Phase 6<\/a><\/td><\/tr><tr><td class=\"has-text-align-center\" data-align=\"center\"><a href=\"https:\/\/collegedemahina.pf\/wp-content\/uploads\/2020\/04\/ARTP-3_PH4.pdf\" target=\"_blank\" rel=\"noreferrer noopener\">3\u00b0 Phase 4<\/a><\/td><td class=\"has-text-align-center\" data-align=\"center\"><a href=\"https:\/\/collegedemahina.pf\/wp-content\/uploads\/2020\/05\/ARTP-3_PH5.pdf\" target=\"_blank\" rel=\"noreferrer noopener\">3\u00b0 Phase 5<\/a><\/td><td class=\"has-text-align-center\" data-align=\"center\"><a href=\"https:\/\/collegedemahina.pf\/wp-content\/uploads\/2020\/05\/ARTP-3_PH6.pdf\" target=\"_blank\" rel=\"noreferrer noopener\">3\u00b0 Phase 6<\/a><\/td><\/tr><\/tbody><\/table><\/figure>\n\n\n\n<figure class=\"wp-block-table is-style-stripes\"><table class=\"has-subtle-pale-green-background-color has-fixed-layout has-background\"><thead><tr><th class=\"has-text-align-center\" data-align=\"center\">Phase 1<br>Du mer 18\/03<br>au dim 5\/04<\/th><th class=\"has-text-align-center\" data-align=\"center\">Phase 2<br>Du lun 6\/04 <br>au mer 15\/04<\/th><th class=\"has-text-align-center\" data-align=\"center\">Phase 3<br>Du jeu 16\/04 <br>au mer 22\/04<\/th><\/tr><\/thead><tbody><tr><td class=\"has-text-align-center\" data-align=\"center\"><em><a rel=\"noreferrer noopener\" href=\"https:\/\/collegedemahina.pf\/index.php\/category\/continuite-pedagogique\/\" target=\"_blank\">Doc classe<\/a><\/em><\/td><td class=\"has-text-align-center\" data-align=\"center\"><a href=\"https:\/\/collegedemahina.pf\/wp-content\/uploads\/2020\/04\/ART-P-6\u00e8me-Travail-PHASE2.pdf\" target=\"_blank\" rel=\"noreferrer noopener\">6\u00b0 Phase 2<\/a><\/td><td class=\"has-text-align-center\" data-align=\"center\"><a href=\"https:\/\/collegedemahina.pf\/wp-content\/uploads\/2020\/04\/ARTP-6PH3.pdf\" target=\"_blank\" rel=\"noreferrer noopener\">6\u00b0 Phase 3<\/a><\/td><\/tr><tr><td class=\"has-text-align-center\" data-align=\"center\"><em><a rel=\"noreferrer noopener\" href=\"https:\/\/collegedemahina.pf\/index.php\/category\/continuite-pedagogique\/\" target=\"_blank\">Doc classe<\/a><\/em><\/td><td class=\"has-text-align-center\" data-align=\"center\"><a href=\"https:\/\/collegedemahina.pf\/wp-content\/uploads\/2020\/04\/ART-P-5\u00e8me-Travail-PHASE2.pdf\" target=\"_blank\" rel=\"noreferrer noopener\">5\u00b0 Phase 2<\/a><\/td><td class=\"has-text-align-center\" data-align=\"center\"><a href=\"https:\/\/collegedemahina.pf\/wp-content\/uploads\/2020\/04\/ARTP-5PH3.pdf\" target=\"_blank\" rel=\"noreferrer noopener\">5\u00b0 Phase 3<\/a><\/td><\/tr><tr><td class=\"has-text-align-center\" data-align=\"center\"><em><a rel=\"noreferrer noopener\" href=\"https:\/\/collegedemahina.pf\/index.php\/category\/continuite-pedagogique\/\" target=\"_blank\">Doc classe<\/a><\/em><\/td><td class=\"has-text-align-center\" data-align=\"center\"><a href=\"https:\/\/collegedemahina.pf\/wp-content\/uploads\/2020\/04\/ART-P-4\u00e8me-Travail-PHASE2.pdf\" target=\"_blank\" rel=\"noreferrer noopener\">4\u00b0 Phase 2<\/a><\/td><td class=\"has-text-align-center\" data-align=\"center\"><a href=\"https:\/\/collegedemahina.pf\/wp-content\/uploads\/2020\/04\/ARTP-4PH3.pdf\" target=\"_blank\" rel=\"noreferrer noopener\">4\u00b0 Phase 3<\/a><\/td><\/tr><tr><td class=\"has-text-align-center\" data-align=\"center\"><em><a rel=\"noreferrer noopener\" href=\"https:\/\/collegedemahina.pf\/index.php\/category\/continuite-pedagogique\/\" target=\"_blank\">Doc classe<\/a><\/em><\/td><td class=\"has-text-align-center\" data-align=\"center\"><a href=\"https:\/\/collegedemahina.pf\/wp-content\/uploads\/2020\/04\/ART-P-3\u00e8me-Travail-PHASE2.pdf\" target=\"_blank\" rel=\"noreferrer noopener\">3\u00b0 Phase 2<\/a><\/td><td class=\"has-text-align-center\" data-align=\"center\"><a href=\"https:\/\/collegedemahina.pf\/wp-content\/uploads\/2020\/04\/ARTP-3PH3.pdf\" target=\"_blank\" rel=\"noreferrer noopener\">3\u00b0 Phase 3<\/a><\/td><\/tr><\/tbody><\/table><\/figure>\n\n\n\n<p><strong><span style=\"text-decoration: underline;\">Pour rendre les photos de vos travaux<\/span><\/strong> selon votre niveau et votre professeur d\u2019arts plastiques : cliquer sur les liens  ci-dessous.<\/p>\n\n\n\n<p><span style=\"text-decoration:underline;\"><strong>IMPORTANT<\/strong><\/span> : Enregistrer vos photos en indiquant les donn\u00e9es suivantes dans cet ordre.<\/p>\n\n\n\n<p class=\"has-text-align-center\"><strong>CLASSE<\/strong>_<strong>NOM_PR\u00c9NOM_ N\u00b0de phase<\/strong><\/p>\n\n\n\n<figure class=\"wp-block-table is-style-stripes\"><table class=\"has-subtle-pale-blue-background-color has-fixed-layout has-background\"><thead><tr><th class=\"has-text-align-center\" data-align=\"center\">Mme FLOHR<\/th><th class=\"has-text-align-center\" data-align=\"center\">M.MALZAC<\/th><\/tr><\/thead><tbody><tr><td class=\"has-text-align-center\" data-align=\"center\"><a href=\"https:\/\/cloud-outremer.beta.education.fr\/s\/MfitJwnpr6kxiys\" target=\"_blank\" rel=\"noreferrer noopener\">6\u00b0 Mme FLORH<\/a><\/td><td class=\"has-text-align-center\" data-align=\"center\"><a href=\"https:\/\/cloud-outremer.beta.education.fr\/s\/xYdrWiXXrz5oNst\" target=\"_blank\" rel=\"noreferrer noopener\">6\u00b0 M.MALZAC<\/a><\/td><\/tr><tr><td class=\"has-text-align-center\" data-align=\"center\"><a href=\"https:\/\/cloud-outremer.beta.education.fr\/s\/7MgEXnGbtjjw27X\" target=\"_blank\" rel=\"noreferrer noopener\">5\u00b0 Mme FLORH<\/a><\/td><td class=\"has-text-align-center\" data-align=\"center\"><a href=\"https:\/\/cloud-outremer.beta.education.fr\/s\/xYdrWiXXrz5oNst\" target=\"_blank\" rel=\"noreferrer noopener\">5\u00b0 M.MALZAC<\/a><\/td><\/tr><tr><td class=\"has-text-align-center\" data-align=\"center\"><a href=\"https:\/\/cloud-outremer.beta.education.fr\/s\/BYoAL7Et7nnpGBA\" target=\"_blank\" rel=\"noreferrer noopener\">4\u00b0 Mme FLORH<\/a><\/td><td class=\"has-text-align-center\" data-align=\"center\"><a href=\"https:\/\/cloud-outremer.beta.education.fr\/s\/rCLcYGA2DCZFwHQ\" target=\"_blank\" rel=\"noreferrer noopener\">4\u00b0 M.MALZAC<\/a><\/td><\/tr><tr><td class=\"has-text-align-center\" data-align=\"center\"><a href=\"https:\/\/cloud-outremer.beta.education.fr\/s\/e9oSDy9xi49Z4Pa\" target=\"_blank\" rel=\"noreferrer noopener\">3\u00b0 Mme FLORH<\/a><\/td><td class=\"has-text-align-center\" data-align=\"center\"><a href=\"https:\/\/cloud-outremer.beta.education.fr\/s\/xYdrWiXXrz5oNst\" target=\"_blank\" rel=\"noreferrer noopener\">3\u00b0 M.MALZAC<\/a><\/td><\/tr><\/tbody><\/table><\/figure>\n\n\n\n<p>Nous sommes toujours \u00e0 votre \u00e9coute ou attentifs \u00e0\nvous lire si vous avez des questions ou des doutes. Contactez-nous par Pronote\net nous vous r\u00e9pondrons.<\/p>\n\n\n\n<div class=\"wp-block-group\"><div class=\"wp-block-group__inner-container is-layout-flow wp-block-group-is-layout-flow\">\n<p>Nous vous souhaitons des recherches fructueuses et\nde beaux moments cr\u00e9atifs \u00e0 partager en famille.<\/p>\n\n\n\n<p>Vos professeurs d\u2019Arts Plastiques.<\/p>\n<\/div><\/div>\n","protected":false},"excerpt":{"rendered":"","protected":false},"author":9,"featured_media":7904,"comment_status":"closed","ping_status":"closed","sticky":false,"template":"","format":"standard","meta":{"_acf_changed":false,"_monsterinsights_skip_tracking":false,"_monsterinsights_sitenote_active":false,"_monsterinsights_sitenote_note":"","_monsterinsights_sitenote_category":0,"_jetpack_memberships_contains_paid_content":false,"footnotes":""},"categories":[319],"tags":[],"post_folder":[],"class_list":["post-8337","post","type-post","status-publish","format-standard","has-post-thumbnail","hentry","category-arts-plastiques-continuite-pedagogique"],"acf":[],"jetpack_featured_media_url":"https:\/\/collegedemahina.pf\/wp-content\/uploads\/2020\/04\/ARTS_02.jpg","jetpack_sharing_enabled":true,"_links":{"self":[{"href":"https:\/\/collegedemahina.pf\/wp-json\/wp\/v2\/posts\/8337","targetHints":{"allow":["GET"]}}],"collection":[{"href":"https:\/\/collegedemahina.pf\/wp-json\/wp\/v2\/posts"}],"about":[{"href":"https:\/\/collegedemahina.pf\/wp-json\/wp\/v2\/types\/post"}],"author":[{"embeddable":true,"href":"https:\/\/collegedemahina.pf\/wp-json\/wp\/v2\/users\/9"}],"replies":[{"embeddable":true,"href":"https:\/\/collegedemahina.pf\/wp-json\/wp\/v2\/comments?post=8337"}],"version-history":[{"count":6,"href":"https:\/\/collegedemahina.pf\/wp-json\/wp\/v2\/posts\/8337\/revisions"}],"predecessor-version":[{"id":8375,"href":"https:\/\/collegedemahina.pf\/wp-json\/wp\/v2\/posts\/8337\/revisions\/8375"}],"wp:featuredmedia":[{"embeddable":true,"href":"https:\/\/collegedemahina.pf\/wp-json\/wp\/v2\/media\/7904"}],"wp:attachment":[{"href":"https:\/\/collegedemahina.pf\/wp-json\/wp\/v2\/media?parent=8337"}],"wp:term":[{"taxonomy":"category","embeddable":true,"href":"https:\/\/collegedemahina.pf\/wp-json\/wp\/v2\/categories?post=8337"},{"taxonomy":"post_tag","embeddable":true,"href":"https:\/\/collegedemahina.pf\/wp-json\/wp\/v2\/tags?post=8337"},{"taxonomy":"post_folder","embeddable":true,"href":"https:\/\/collegedemahina.pf\/wp-json\/wp\/v2\/post_folder?post=8337"}],"curies":[{"name":"wp","href":"https:\/\/api.w.org\/{rel}","templated":true}]}}